{"id":1649,"date":"2025-02-07T16:02:56","date_gmt":"2025-02-07T13:02:56","guid":{"rendered":"https:\/\/demetdemircioglu.com\/?p=1649"},"modified":"2025-02-07T16:02:57","modified_gmt":"2025-02-07T13:02:57","slug":"parkinson-hastaligi","status":"publish","type":"post","link":"https:\/\/demetdemircioglu.com\/fr\/maladie-de-parkinson\/","title":{"rendered":"Maladie de Parkinson"},"content":{"rendered":"<p class=\"gutenify-section-b9149eb0-e552-11ef-a8cb-e96a0369cfc9 gtfy-1\">Il s\u2019agit d\u2019une maladie neurologique chronique et progressive qui se manifeste par des probl\u00e8mes de mouvement. Cette maladie, qui survient \u00e0 la suite de la perte de cellules nerveuses productrices de dopamine dans le cerveau, provoque des sympt\u00f4mes tels que des tremblements, une raideur musculaire et des mouvements lents. Plus fr\u00e9quent chez la population \u00e2g\u00e9e <strong>La maladie de Parkinson,<\/strong> Cela touche des millions de personnes dans le monde.<\/p>\n\n\n\n<h2 class=\"wp-block-heading gutenify-section-b96ca9c0-e552-11ef-a8cb-e96a0369cfc9 gtfy-4\"><strong>Qu&#039;est-ce que la maladie de Parkinson ?<\/strong><\/h2>\n\n\n\n<p class=\"gutenify-section-b96d4600-e552-11ef-a8cb-e96a0369cfc9 gtfy-7\">Cette maladie survient en raison de la perte de cellules productrices de dopamine dans le cerveau. La dopamine est un neurotransmetteur qui joue un r\u00f4le important dans la r\u00e9gulation des mouvements. \u00c0 mesure que les niveaux de dopamine diminuent, les patients commencent \u00e0 ressentir des tremblements involontaires, une rigidit\u00e9 musculaire et des difficult\u00e9s \u00e0 contr\u00f4ler les mouvements.<\/p>\n\n\n\n<h3 class=\"wp-block-heading gutenify-section-b9707a50-e552-11ef-a8cb-e96a0369cfc9 gtfy-10\"><strong>Sympt\u00f4mes de la maladie de Parkinson<\/strong><\/h3>\n\n\n\n<figure class=\"wp-block-image alignright size-large is-resized gutenify-section-61d68630-e553-11ef-a8cb-e96a0369cfc9 gtfy-13\"><img loading=\"lazy\" decoding=\"async\" width=\"1024\" height=\"683\" src=\"https:\/\/demetdemircioglu.com\/wp-content\/uploads\/2025\/02\/parkinson-hastaligi-1-1024x683.jpg\" alt=\"\" class=\"wp-image-1653\" style=\"width:323px;height:auto\" srcset=\"https:\/\/demetdemircioglu.com\/wp-content\/uploads\/2025\/02\/parkinson-hastaligi-1-1024x683.jpg 1024w, https:\/\/demetdemircioglu.com\/wp-content\/uploads\/2025\/02\/parkinson-hastaligi-1-300x200.jpg 300w, https:\/\/demetdemircioglu.com\/wp-content\/uploads\/2025\/02\/parkinson-hastaligi-1-768x512.jpg 768w, https:\/\/demetdemircioglu.com\/wp-content\/uploads\/2025\/02\/parkinson-hastaligi-1-1536x1024.jpg 1536w, https:\/\/demetdemircioglu.com\/wp-content\/uploads\/2025\/02\/parkinson-hastaligi-1-18x12.jpg 18w, https:\/\/demetdemircioglu.com\/wp-content\/uploads\/2025\/02\/parkinson-hastaligi-1.jpg 1920w\" sizes=\"auto, (max-width: 1024px) 100vw, 1024px\" \/><\/figure>\n\n\n\n<p class=\"gutenify-section-b9711690-e552-11ef-a8cb-e96a0369cfc9 gtfy-16\"><strong>Maladie de Parkinson<\/strong> La maladie \u00e9volue g\u00e9n\u00e9ralement lentement et peut \u00eatre difficile \u00e0 d\u00e9tecter \u00e0 ses d\u00e9buts. Cependant, les sympt\u00f4mes deviennent plus apparents \u00e0 des stades ult\u00e9rieurs. Les sympt\u00f4mes les plus courants sont les suivants\u00a0:<\/p>\n\n\n\n<ul class=\"wp-block-list gutenify-section-b9758360-e552-11ef-a8cb-e96a0369cfc9 gtfy-25\">\n<li class=\"gutenify-section-b971b2d0-e552-11ef-a8cb-e96a0369cfc9 gtfy-19 gutenify-list-item\"><strong>Tremblement:<\/strong> Les tremblements involontaires surviennent notamment au niveau des mains, des bras ou des jambes. Elle est g\u00e9n\u00e9ralement plus prononc\u00e9e au repos.<\/li>\n\n\n\n<li class=\"gutenify-section-b9724f10-e552-11ef-a8cb-e96a0369cfc9 gtfy-20 gutenify-list-item\"><strong>Ralentissement des mouvements :<\/strong> R\u00e9aliser les activit\u00e9s quotidiennes devient difficile, les pas deviennent plus petits et les mouvements plus lents.<\/li>\n\n\n\n<li class=\"gutenify-section-b9731260-e552-11ef-a8cb-e96a0369cfc9 gtfy-21 gutenify-list-item\"><strong>Raideur musculaire (rigidit\u00e9) :<\/strong> Les muscles deviennent raides et tendus, ce qui rend le mouvement encore plus difficile.<\/li>\n\n\n\n<li class=\"gutenify-section-b973aea0-e552-11ef-a8cb-e96a0369cfc9 gtfy-22 gutenify-list-item\"><strong>Probl\u00e8mes d&#039;\u00e9quilibre et de coordination :<\/strong> La perte d\u2019\u00e9quilibre et une mauvaise posture sont courantes et peuvent entra\u00eener des chutes.<\/li>\n\n\n\n<li class=\"gutenify-section-b9744ae0-e552-11ef-a8cb-e96a0369cfc9 gtfy-23 gutenify-list-item\"><strong>Difficult\u00e9s \u00e0 parler et \u00e0 avaler :<\/strong> Les patients parlent parfois d\u2019une voix monotone, lente et rauque. Les r\u00e9flexes de d\u00e9glutition peuvent \u00e9galement s\u2019affaiblir.<\/li>\n\n\n\n<li class=\"gutenify-section-b974c010-e552-11ef-a8cb-e96a0369cfc9 gtfy-24 gutenify-list-item\"><strong>Expression faciale diminu\u00e9e :<\/strong> Les expressions faciales des patients deviennent ternes et ils ont du mal \u00e0 refl\u00e9ter leurs \u00e9motions sur leur visage.<\/li>\n<\/ul>\n\n\n\n<h3 class=\"wp-block-heading gutenify-section-b975f890-e552-11ef-a8cb-e96a0369cfc9 gtfy-28\"><strong>Causes de la maladie de Parkinson<\/strong><\/h3>\n\n\n\n<p class=\"gutenify-section-b97694d0-e552-11ef-a8cb-e96a0369cfc9 gtfy-31\">Bien que la cause exacte ne soit pas enti\u00e8rement connue, on pense que divers facteurs g\u00e9n\u00e9tiques et environnementaux jouent un r\u00f4le dans le d\u00e9veloppement de la maladie. Les principales raisons sont :<\/p>\n\n\n\n<ul class=\"wp-block-list gutenify-section-b97ada90-e552-11ef-a8cb-e96a0369cfc9 gtfy-38\">\n<li class=\"gutenify-section-b977a640-e552-11ef-a8cb-e96a0369cfc9 gtfy-34 gutenify-list-item\"><strong>Facteurs g\u00e9n\u00e9tiques :<\/strong> Dans la famille <strong>Maladie de Parkinson <\/strong>Le risque peut \u00eatre plus \u00e9lev\u00e9 chez les personnes ayant des ant\u00e9c\u00e9dents de<\/li>\n\n\n\n<li class=\"gutenify-section-b9781b70-e552-11ef-a8cb-e96a0369cfc9 gtfy-35 gutenify-list-item\"><strong>Facteurs environnementaux :<\/strong> L\u2019exposition \u00e0 long terme aux pesticides, aux m\u00e9taux lourds et aux produits chimiques peut favoriser le d\u00e9veloppement de la maladie.<\/li>\n\n\n\n<li class=\"gutenify-section-b978b7b0-e552-11ef-a8cb-e96a0369cfc9 gtfy-36 gutenify-list-item\"><strong>Vieillissement:<\/strong> On l\u2019observe g\u00e9n\u00e9ralement plus fr\u00e9quemment chez les personnes \u00e2g\u00e9es de 60 ans et plus.<\/li>\n\n\n\n<li class=\"gutenify-section-b9792ce0-e552-11ef-a8cb-e96a0369cfc9 gtfy-37 gutenify-list-item\"><strong>Traumatismes cr\u00e2niens :<\/strong> Les traumatismes cr\u00e2niens r\u00e9p\u00e9titifs peuvent augmenter le risque.<\/li>\n<\/ul>\n\n\n\n<h4 class=\"wp-block-heading gutenify-section-b97b28b0-e552-11ef-a8cb-e96a0369cfc9 gtfy-41\"><strong>Diagnostic de la maladie de Parkinson<\/strong><\/h4>\n\n\n\n<p class=\"gutenify-section-b97b9de0-e552-11ef-a8cb-e96a0369cfc9 gtfy-44\">Il n\u2019existe pas de test de laboratoire d\u00e9finitif pour diagnostiquer la maladie. Le diagnostic est g\u00e9n\u00e9ralement \u00e9tabli sur la base des ant\u00e9c\u00e9dents m\u00e9dicaux du patient et des examens neurologiques. Le m\u00e9decin \u00e9value la maladie en observant les mouvements du patient et en effectuant quelques tests moteurs. Dans certains cas, des techniques d\u2019imagerie c\u00e9r\u00e9brale (IRM ou PET scan) peuvent \u00eatre utilis\u00e9es.<\/p>\n\n\n\n<h5 class=\"wp-block-heading gutenify-section-b97bec00-e552-11ef-a8cb-e96a0369cfc9 gtfy-47\"><strong>Traitement de la maladie de Parkinson<\/strong><\/h5>\n\n\n\n<figure class=\"wp-block-image alignleft size-large is-resized gutenify-section-a72f35b0-e553-11ef-a8cb-e96a0369cfc9 gtfy-50\"><img loading=\"lazy\" decoding=\"async\" width=\"1024\" height=\"678\" src=\"https:\/\/demetdemircioglu.com\/wp-content\/uploads\/2025\/02\/parkinson-hastaligi-2-1024x678.jpg\" alt=\"\" class=\"wp-image-1654\" style=\"width:248px;height:auto\" srcset=\"https:\/\/demetdemircioglu.com\/wp-content\/uploads\/2025\/02\/parkinson-hastaligi-2-1024x678.jpg 1024w, https:\/\/demetdemircioglu.com\/wp-content\/uploads\/2025\/02\/parkinson-hastaligi-2-300x199.jpg 300w, https:\/\/demetdemircioglu.com\/wp-content\/uploads\/2025\/02\/parkinson-hastaligi-2-768x508.jpg 768w, https:\/\/demetdemircioglu.com\/wp-content\/uploads\/2025\/02\/parkinson-hastaligi-2-18x12.jpg 18w, https:\/\/demetdemircioglu.com\/wp-content\/uploads\/2025\/02\/parkinson-hastaligi-2.jpg 1200w\" sizes=\"auto, (max-width: 1024px) 100vw, 1024px\" \/><\/figure>\n\n\n\n<p class=\"gutenify-section-b97c3a20-e552-11ef-a8cb-e96a0369cfc9 gtfy-53\">Il n\u2019existe pas de traitement d\u00e9finitif. Il existe cependant diff\u00e9rents traitements disponibles pour soulager les sympt\u00f4mes. La l\u00e9vodopa (L-Dopa) est le m\u00e9dicament le plus couramment utilis\u00e9. Il aide \u00e0 am\u00e9liorer les capacit\u00e9s de mouvement des patients en \u00e9tant converti en dopamine dans le cerveau. Les agonistes dopaminergiques imitent les effets de la dopamine. Il est utilis\u00e9 comme alternative \u00e0 la l\u00e9vodopa. Les inhibiteurs de la MAO-B sont des m\u00e9dicaments qui prolongent les effets de la dopamine en ralentissant sa d\u00e9gradation. <\/p>\n\n\n\n<p class=\"gutenify-section-bc027a60-e553-11ef-a8cb-e96a0369cfc9 gtfy-56\">La stimulation c\u00e9r\u00e9brale profonde se fait en pla\u00e7ant des \u00e9lectrodes dans des zones sp\u00e9cifiques du cerveau. Il peut \u00eatre efficace pour r\u00e9duire les tremblements et la rigidit\u00e9. La physioth\u00e9rapie aide \u00e0 am\u00e9liorer l\u2019\u00e9quilibre et la mobilit\u00e9. Des activit\u00e9s telles que la natation, le yoga et la marche peuvent am\u00e9liorer la qualit\u00e9 de vie des patients. Consommer des aliments riches en antioxydants (fruits, l\u00e9gumes, th\u00e9 vert) favorise la sant\u00e9 du cerveau. Les aliments contenant des acides gras om\u00e9ga-3 peuvent aider \u00e0 r\u00e9duire l\u2019inflammation. G\u00e9rer le stress et dormir suffisamment peuvent ralentir la progression de la maladie.<\/p>\n\n\n\n<h5 class=\"wp-block-heading gutenify-section-b97c8840-e552-11ef-a8cb-e96a0369cfc9 gtfy-59\"><strong>Moyens d&#039;am\u00e9liorer la qualit\u00e9 de vie des patients atteints de la maladie de Parkinson<\/strong><\/h5>\n\n\n\n<p class=\"gutenify-section-b97cfd70-e552-11ef-a8cb-e96a0369cfc9 gtfy-62\"><strong>Patients atteints de la maladie de Parkinson<\/strong> Voici quelques suggestions pour faciliter les activit\u00e9s de la vie quotidienne :<\/p>\n\n\n\n<ul class=\"wp-block-list gutenify-section-b97ed230-e552-11ef-a8cb-e96a0369cfc9 gtfy-69\">\n<li class=\"gutenify-section-b97d72a0-e552-11ef-a8cb-e96a0369cfc9 gtfy-65 gutenify-list-item\">Prendre des dispositions \u00e0 la maison pour r\u00e9duire les risques de chutes<\/li>\n\n\n\n<li class=\"gutenify-section-b97dc0c0-e552-11ef-a8cb-e96a0369cfc9 gtfy-66 gutenify-list-item\">Pr\u00e9f\u00e9rez les v\u00eatements avec de gros boutons et sans fermeture \u00e9clair<\/li>\n\n\n\n<li class=\"gutenify-section-b97e0ee0-e552-11ef-a8cb-e96a0369cfc9 gtfy-67 gutenify-list-item\">D\u00e9placez-vous lentement et prudemment<\/li>\n\n\n\n<li class=\"gutenify-section-b97e8410-e552-11ef-a8cb-e96a0369cfc9 gtfy-68 gutenify-list-item\">Participer \u00e0 des activit\u00e9s sociales et \u00e0 des groupes de soutien<\/li>\n<\/ul>\n\n\n\n<h6 class=\"wp-block-heading gutenify-section-b97f2050-e552-11ef-a8cb-e96a0369cfc9 gtfy-72\"><strong>Conclusion<\/strong><\/h6>\n\n\n\n<p class=\"gutenify-section-b97f9580-e552-11ef-a8cb-e96a0369cfc9 gtfy-75\"><strong>La maladie de Parkinson,<\/strong> affecte n\u00e9gativement la qualit\u00e9 de vie. Il s\u2019agit toutefois d\u2019une maladie dont les sympt\u00f4mes peuvent \u00eatre g\u00e9r\u00e9s gr\u00e2ce \u00e0 un traitement adapt\u00e9 et \u00e0 des changements de mode de vie. Gr\u00e2ce \u00e0 un diagnostic pr\u00e9coce et \u00e0 des m\u00e9thodes de traitement appropri\u00e9es, les patients peuvent poursuivre leur vie quotidienne plus confortablement. Les recherches sont en cours et on esp\u00e8re que de nouvelles m\u00e9thodes de traitement de la maladie seront d\u00e9velopp\u00e9es \u00e0 l\u2019avenir.<\/p>","protected":false},"excerpt":{"rendered":"<p>Hareket problemleriyle kendini g\u00f6steren kronik, ilerleyici bir n\u00f6rolojik hastal\u0131kt\u0131r. Beyinde dopamin \u00fcreten sinir h\u00fccrelerinin kayb\u0131 [&hellip;]<\/p>\n","protected":false},"author":1,"featured_media":1652,"comment_status":"closed","ping_status":"open","sticky":false,"template":"","format":"standard","meta":{"_gutenify_countdown_timer_type":"fixed","_gutenify_countdown_timer_evergreen_hours":24,"_gutenify_countdown_timer_evergreen_minutes":0,"_gutenify_countdown_timer_date":"","_gutenify_countdown_timer_timezone":"US\/Eastern","_gutenify_countdown_timer_end_action":"none","_gutenify_countdown_timer_hide_selector":"","_gutenify_countdown_timer_redirect_url":"","_joinchat":[],"footnotes":""},"categories":[],"tags":[],"class_list":["post-1649","post","type-post","status-publish","format-standard","has-post-thumbnail","hentry"],"_links":{"self":[{"href":"https:\/\/demetdemircioglu.com\/fr\/wp-json\/wp\/v2\/posts\/1649","targetHints":{"allow":["GET"]}}],"collection":[{"href":"https:\/\/demetdemircioglu.com\/fr\/wp-json\/wp\/v2\/posts"}],"about":[{"href":"https:\/\/demetdemircioglu.com\/fr\/wp-json\/wp\/v2\/types\/post"}],"author":[{"embeddable":true,"href":"https:\/\/demetdemircioglu.com\/fr\/wp-json\/wp\/v2\/users\/1"}],"replies":[{"embeddable":true,"href":"https:\/\/demetdemircioglu.com\/fr\/wp-json\/wp\/v2\/comments?post=1649"}],"version-history":[{"count":0,"href":"https:\/\/demetdemircioglu.com\/fr\/wp-json\/wp\/v2\/posts\/1649\/revisions"}],"wp:featuredmedia":[{"embeddable":true,"href":"https:\/\/demetdemircioglu.com\/fr\/wp-json\/wp\/v2\/media\/1652"}],"wp:attachment":[{"href":"https:\/\/demetdemircioglu.com\/fr\/wp-json\/wp\/v2\/media?parent=1649"}],"wp:term":[{"taxonomy":"category","embeddable":true,"href":"https:\/\/demetdemircioglu.com\/fr\/wp-json\/wp\/v2\/categories?post=1649"},{"taxonomy":"post_tag","embeddable":true,"href":"https:\/\/demetdemircioglu.com\/fr\/wp-json\/wp\/v2\/tags?post=1649"}],"curies":[{"name":"wp","href":"https:\/\/api.w.org\/{rel}","templated":true}]}}